{"id":43,"date":"2019-09-26T21:48:14","date_gmt":"2019-09-26T19:48:14","guid":{"rendered":"http:\/\/danses-occitanes-tournefeuille.fr\/?p=43"},"modified":"2019-10-16T00:07:49","modified_gmt":"2019-10-15T22:07:49","slug":"atelier-du-27-sept-2019","status":"publish","type":"post","link":"https:\/\/danses-occitanes-tournefeuille.fr\/?p=43","title":{"rendered":"Atelier du 25 Sept 2019 (Danses occitanes)"},"content":{"rendered":"\n<p>Premier atelier de danses occitanes de l&rsquo;ann\u00e9e avec Fran\u00e7oise Farenc. Petite d\u00e9ception: je pensais qu&rsquo;il y aurait plus de nouveaux; seulement 2. Nous \u00e9tions toutefois 17 et il manquait certains dont on sait qu&rsquo;il vont venir.<\/p>\n\n\n\n<p>L&rsquo;ambiance est plus calme que les ann\u00e9es pass\u00e9es, plus studieuse. Nous sommes accompagn\u00e9s par Fred et Sylviane. Grand confort pour l&rsquo;animatrice car ils r\u00e9pondent au doigt et \u00e0 l&rsquo;oeil.<\/p>\n\n\n\n<p>Au programme:<\/p>\n\n\n\n<ul class=\"wp-block-list\"><li>petit \u00e9chauffement pour pr\u00e9server nos articulations,<\/li><li>Rondeau de Villreal,<\/li><li>Rondeau en cha\u00eene avec quelques petites variantes,<\/li><li>Rondeau ou branle du haut-agenais (enfin j&rsquo;ai r\u00e9ussi \u00e0 le danser)<\/li><li>Scottish avec la variante ( d&rsquo;o\u00f9 d\u00e9j\u00e0?)<\/li><\/ul>\n\n\n\n<p>Les anciens ont aid\u00e9s les nouveaux et ont appris des choses sur des danses qu&rsquo;ils croyaient bien conna\u00eetre et les nouveaux ont tent\u00e9s de suivre les anciens dans des danses plus compliqu\u00e9es. C&rsquo;\u00e9tait le but recherch\u00e9 et \u00e7a c&rsquo;est pass\u00e9 comme pr\u00e9vu.<\/p>\n\n\n\n<p>Certains pensent que fin \u00e0 23h c&rsquo;est trop tard; faut-il finir \u00e0 22:30? Donnez votre avis!<\/p>\n\n\n\n<p><\/p>\n\n\n\n<p><\/p>\n\n\n\n<p><\/p>\n","protected":false},"excerpt":{"rendered":"<p>Premier atelier de danses occitanes de l&rsquo;ann\u00e9e avec Fran\u00e7oise Farenc. Petite d\u00e9ception: je pensais qu&rsquo;il y aurait plus de nouveaux; seulement 2. Nous \u00e9tions toutefois 17 et il manquait certains dont on sait qu&rsquo;il vont venir. L&rsquo;ambiance est plus calme que les ann\u00e9es pass\u00e9es, plus studieuse. Nous sommes accompagn\u00e9s par Fred et Sylviane. Grand confort &hellip; <a href=\"https:\/\/danses-occitanes-tournefeuille.fr\/?p=43\" class=\"more-link\">Continuer la lecture<span class=\"screen-reader-text\"> de &laquo;&nbsp;Atelier du 25 Sept 2019 (Danses occitanes)&nbsp;&raquo;<\/span><\/a><\/p>\n","protected":false},"author":1,"featured_media":0,"comment_status":"open","ping_status":"open","sticky":false,"template":"","format":"standard","meta":{"footnotes":""},"categories":[1],"tags":[],"class_list":["post-43","post","type-post","status-publish","format-standard","hentry","category-non-classe"],"_links":{"self":[{"href":"https:\/\/danses-occitanes-tournefeuille.fr\/index.php?rest_route=\/wp\/v2\/posts\/43","targetHints":{"allow":["GET"]}}],"collection":[{"href":"https:\/\/danses-occitanes-tournefeuille.fr\/index.php?rest_route=\/wp\/v2\/posts"}],"about":[{"href":"https:\/\/danses-occitanes-tournefeuille.fr\/index.php?rest_route=\/wp\/v2\/types\/post"}],"author":[{"embeddable":true,"href":"https:\/\/danses-occitanes-tournefeuille.fr\/index.php?rest_route=\/wp\/v2\/users\/1"}],"replies":[{"embeddable":true,"href":"https:\/\/danses-occitanes-tournefeuille.fr\/index.php?rest_route=%2Fwp%2Fv2%2Fcomments&post=43"}],"version-history":[{"count":5,"href":"https:\/\/danses-occitanes-tournefeuille.fr\/index.php?rest_route=\/wp\/v2\/posts\/43\/revisions"}],"predecessor-version":[{"id":479,"href":"https:\/\/danses-occitanes-tournefeuille.fr\/index.php?rest_route=\/wp\/v2\/posts\/43\/revisions\/479"}],"wp:attachment":[{"href":"https:\/\/danses-occitanes-tournefeuille.fr\/index.php?rest_route=%2Fwp%2Fv2%2Fmedia&parent=43"}],"wp:term":[{"taxonomy":"category","embeddable":true,"href":"https:\/\/danses-occitanes-tournefeuille.fr\/index.php?rest_route=%2Fwp%2Fv2%2Fcategories&post=43"},{"taxonomy":"post_tag","embeddable":true,"href":"https:\/\/danses-occitanes-tournefeuille.fr\/index.php?rest_route=%2Fwp%2Fv2%2Ftags&post=43"}],"curies":[{"name":"wp","href":"https:\/\/api.w.org\/{rel}","templated":true}]}}