{"id":385,"date":"2019-10-12T23:30:23","date_gmt":"2019-10-12T21:30:23","guid":{"rendered":"http:\/\/danses-occitanes-tournefeuille.fr\/?p=385"},"modified":"2019-10-12T23:30:23","modified_gmt":"2019-10-12T21:30:23","slug":"stage-du-12-oct-2019","status":"publish","type":"post","link":"https:\/\/danses-occitanes-tournefeuille.fr\/?p=385","title":{"rendered":"Stage du 12 Oct 2019"},"content":{"rendered":"\n<p>Au programme de ce stage \u00ab\u00a0interne\u00a0\u00bb:<\/p>\n\n\n\n<ul class=\"wp-block-list\"><li>pr\u00e9parer notre prestation de vendredi prochain pour la soir\u00e9e de Tournefeuille Accueil,<\/li><li>r\u00e9viser quelques autres danses,<\/li><li>apprendre ou revoir avec Colette des danses des Flandres. <\/li><\/ul>\n\n\n\n<p>Nous avons donc revu avec assiduit\u00e9 les danses ex\u00e9cut\u00e9es lors du Forum des Associations du d\u00e9but Septembre, c&rsquo;est \u00e0 dire:<\/p>\n\n\n\n<ul class=\"wp-block-list\"><li>la sardane courte,<\/li><li> une sardane classique(Bona festa),<\/li><li> la jota dels Enamorats,<\/li><li>la jotarrina,<\/li><li>une chapeloise,<\/li><li>un rondeau en cha\u00eene,<\/li><li> Shalom. <\/li><\/ul>\n\n\n\n<p>Nous avons aussi r\u00e9vis\u00e9 Jovano Jovank\u00e9 et revu une des danses d&rsquo;Isra\u00ebl apprise lors de la soir\u00e9e de mardi dernier, Od lo ahavti dai.<\/p>\n\n\n\n<p>Colette nous a ensuite fait faire un voyage vers le nord et plus pr\u00e9cis\u00e9ment les Flandres au cours duquel nous avons appris ou r\u00e9-appris:<\/p>\n\n\n\n<ul class=\"wp-block-list\"><li><a href=\"https:\/\/danses-occitanes-tournefeuille.fr\/wp-content\/uploads\/2019\/10\/Amorilletje.mp4\">Amorilletje<\/a><\/li><li><a href=\"https:\/\/danses-occitanes-tournefeuille.fr\/wp-content\/uploads\/2019\/10\/L'ostendaise%20B.mp4\">L&rsquo;ostendaise<\/a><\/li><li><a href=\"https:\/\/danses-occitanes-tournefeuille.fr\/wp-content\/uploads\/2019\/10\/Schommel%20vals.mp4\">Schommel vals<\/a><\/li><li><a href=\"https:\/\/danses-occitanes-tournefeuille.fr\/wp-content\/uploads\/2019\/10\/Pieternelle.mp4\">Pieternelle<\/a><\/li><\/ul>\n\n\n\n<p>Enfin pour terminer cette journ\u00e9e courte mais charg\u00e9e nous avons r\u00e9p\u00e9t\u00e9 un chant de No\u00ebl, &#8230;mais je n&rsquo;en dirai pas plus, c&rsquo;est la surprise&#8230;<\/p>\n","protected":false},"excerpt":{"rendered":"<p>Au programme de ce stage \u00ab\u00a0interne\u00a0\u00bb: pr\u00e9parer notre prestation de vendredi prochain pour la soir\u00e9e de Tournefeuille Accueil, r\u00e9viser quelques autres danses, apprendre ou revoir avec Colette des danses des Flandres. Nous avons donc revu avec assiduit\u00e9 les danses ex\u00e9cut\u00e9es lors du Forum des Associations du d\u00e9but Septembre, c&rsquo;est \u00e0 dire: la sardane courte, une &hellip; <a href=\"https:\/\/danses-occitanes-tournefeuille.fr\/?p=385\" class=\"more-link\">Continuer la lecture<span class=\"screen-reader-text\"> de &laquo;&nbsp;Stage du 12 Oct 2019&nbsp;&raquo;<\/span><\/a><\/p>\n","protected":false},"author":1,"featured_media":0,"comment_status":"open","ping_status":"open","sticky":false,"template":"","format":"standard","meta":{"footnotes":""},"categories":[1],"tags":[],"class_list":["post-385","post","type-post","status-publish","format-standard","hentry","category-non-classe"],"_links":{"self":[{"href":"https:\/\/danses-occitanes-tournefeuille.fr\/index.php?rest_route=\/wp\/v2\/posts\/385","targetHints":{"allow":["GET"]}}],"collection":[{"href":"https:\/\/danses-occitanes-tournefeuille.fr\/index.php?rest_route=\/wp\/v2\/posts"}],"about":[{"href":"https:\/\/danses-occitanes-tournefeuille.fr\/index.php?rest_route=\/wp\/v2\/types\/post"}],"author":[{"embeddable":true,"href":"https:\/\/danses-occitanes-tournefeuille.fr\/index.php?rest_route=\/wp\/v2\/users\/1"}],"replies":[{"embeddable":true,"href":"https:\/\/danses-occitanes-tournefeuille.fr\/index.php?rest_route=%2Fwp%2Fv2%2Fcomments&post=385"}],"version-history":[{"count":4,"href":"https:\/\/danses-occitanes-tournefeuille.fr\/index.php?rest_route=\/wp\/v2\/posts\/385\/revisions"}],"predecessor-version":[{"id":397,"href":"https:\/\/danses-occitanes-tournefeuille.fr\/index.php?rest_route=\/wp\/v2\/posts\/385\/revisions\/397"}],"wp:attachment":[{"href":"https:\/\/danses-occitanes-tournefeuille.fr\/index.php?rest_route=%2Fwp%2Fv2%2Fmedia&parent=385"}],"wp:term":[{"taxonomy":"category","embeddable":true,"href":"https:\/\/danses-occitanes-tournefeuille.fr\/index.php?rest_route=%2Fwp%2Fv2%2Fcategories&post=385"},{"taxonomy":"post_tag","embeddable":true,"href":"https:\/\/danses-occitanes-tournefeuille.fr\/index.php?rest_route=%2Fwp%2Fv2%2Ftags&post=385"}],"curies":[{"name":"wp","href":"https:\/\/api.w.org\/{rel}","templated":true}]}}