{"id":1463,"date":"2023-10-22T09:36:58","date_gmt":"2023-10-22T07:36:58","guid":{"rendered":"http:\/\/danses-occitanes-tournefeuille.fr\/?p=1463"},"modified":"2025-11-05T22:12:05","modified_gmt":"2025-11-05T21:12:05","slug":"atelier-du-17-oct-2023-bolero-de-vila-real-et-fandango-pollensi","status":"publish","type":"post","link":"https:\/\/danses-occitanes-tournefeuille.fr\/?p=1463","title":{"rendered":"Atelier du 17 Oct 2023 : Bolero de Vila-real et Fandango Pollensi"},"content":{"rendered":"\n<p>Dans ce premier atelier de l&rsquo;ann\u00e9e consacr\u00e9 aux danses du Levant nous avons abord\u00e9 le bol\u00e9ro de Vila-Real, le fandango Pollensi et une jota de base. Voici quelques vid\u00e9os afin d&rsquo;aider les nouveaux danseurs (et peut-\u00eatre aussi des plus anciens) \u00e0 progresser.<\/p>\n\n\n\n<p class=\"has-medium-font-size\"><strong>Bolero de Vila-real<\/strong><\/p>\n\n\n\n<p>Vila-real (en valencien) ou Villarreal (en castillan) est situ\u00e9 \u00e0 une dizaine de km de Castell\u00f3n de la Plana<\/p>\n\n\n\n<p>Le 1er mouvement qui d\u00e9marre \u00e0 la 20 i\u00e8me mesure de la musique. Il se termine par un pas sur le cot\u00e9 qui est le premier pas du 2 i\u00e8me mouvement <\/p>\n\n\n\n<figure class=\"wp-block-video\"><video controls src=\"https:\/\/danses-occitanes-tournefeuille.fr\/wp-content\/uploads\/2023\/10\/IMG_3484.mp4\"><\/video><\/figure>\n\n\n\n<p><\/p>\n\n\n\n<figure class=\"wp-block-video\"><video controls src=\"https:\/\/danses-occitanes-tournefeuille.fr\/wp-content\/uploads\/2023\/10\/IMG_3483.mp4\"><\/video><\/figure>\n\n\n\n<p>Le tout en musique<\/p>\n\n\n\n<figure class=\"wp-block-video\"><video controls src=\"https:\/\/danses-occitanes-tournefeuille.fr\/wp-content\/uploads\/2023\/10\/IMG_3485-1.mp4\"><\/video><\/figure>\n\n\n\n<p>Voici un <a href=\"https:\/\/www.youtube.com\/watch?v=aPfJjqTXl3A\">lien<\/a> vers une vid\u00e9o Youtube qui montre une variante de cette danse<\/p>\n\n\n\n<p class=\"has-medium-font-size\"><strong>Fandango pollens<\/strong>i<\/p>\n\n\n\n<p>Le voici dans une vid\u00e9o qui date de 2020<\/p>\n\n\n\n<figure class=\"wp-block-video\"><video controls src=\"https:\/\/danses-occitanes-tournefeuille.fr\/wp-content\/uploads\/2023\/10\/IMG_4484.mp4\"><\/video><\/figure>\n","protected":false},"excerpt":{"rendered":"<p>Dans ce premier atelier de l&rsquo;ann\u00e9e consacr\u00e9 aux danses du Levant nous avons abord\u00e9 le bol\u00e9ro de Vila-Real, le fandango Pollensi et une jota de base. Voici quelques vid\u00e9os afin d&rsquo;aider les nouveaux danseurs (et peut-\u00eatre aussi des plus anciens) \u00e0 progresser. Bolero de Vila-real Vila-real (en valencien) ou Villarreal (en castillan) est situ\u00e9 \u00e0 &hellip; <a href=\"https:\/\/danses-occitanes-tournefeuille.fr\/?p=1463\" class=\"more-link\">Continuer la lecture<span class=\"screen-reader-text\"> de &laquo;&nbsp;Atelier du 17 Oct 2023 : Bolero de Vila-real et Fandango Pollensi&nbsp;&raquo;<\/span><\/a><\/p>\n","protected":false},"author":1,"featured_media":0,"comment_status":"open","ping_status":"open","sticky":false,"template":"","format":"standard","meta":{"footnotes":""},"categories":[1],"tags":[],"class_list":["post-1463","post","type-post","status-publish","format-standard","hentry","category-non-classe"],"_links":{"self":[{"href":"https:\/\/danses-occitanes-tournefeuille.fr\/index.php?rest_route=\/wp\/v2\/posts\/1463","targetHints":{"allow":["GET"]}}],"collection":[{"href":"https:\/\/danses-occitanes-tournefeuille.fr\/index.php?rest_route=\/wp\/v2\/posts"}],"about":[{"href":"https:\/\/danses-occitanes-tournefeuille.fr\/index.php?rest_route=\/wp\/v2\/types\/post"}],"author":[{"embeddable":true,"href":"https:\/\/danses-occitanes-tournefeuille.fr\/index.php?rest_route=\/wp\/v2\/users\/1"}],"replies":[{"embeddable":true,"href":"https:\/\/danses-occitanes-tournefeuille.fr\/index.php?rest_route=%2Fwp%2Fv2%2Fcomments&post=1463"}],"version-history":[{"count":16,"href":"https:\/\/danses-occitanes-tournefeuille.fr\/index.php?rest_route=\/wp\/v2\/posts\/1463\/revisions"}],"predecessor-version":[{"id":1843,"href":"https:\/\/danses-occitanes-tournefeuille.fr\/index.php?rest_route=\/wp\/v2\/posts\/1463\/revisions\/1843"}],"wp:attachment":[{"href":"https:\/\/danses-occitanes-tournefeuille.fr\/index.php?rest_route=%2Fwp%2Fv2%2Fmedia&parent=1463"}],"wp:term":[{"taxonomy":"category","embeddable":true,"href":"https:\/\/danses-occitanes-tournefeuille.fr\/index.php?rest_route=%2Fwp%2Fv2%2Fcategories&post=1463"},{"taxonomy":"post_tag","embeddable":true,"href":"https:\/\/danses-occitanes-tournefeuille.fr\/index.php?rest_route=%2Fwp%2Fv2%2Ftags&post=1463"}],"curies":[{"name":"wp","href":"https:\/\/api.w.org\/{rel}","templated":true}]}}