{"id":1069,"date":"2019-11-06T21:20:58","date_gmt":"2019-11-06T20:20:58","guid":{"rendered":"http:\/\/danses-occitanes-tournefeuille.fr\/?p=1069"},"modified":"2025-11-05T22:36:34","modified_gmt":"2025-11-05T21:36:34","slug":"atelier-du-5-nov-2019-sardanes","status":"publish","type":"post","link":"https:\/\/danses-occitanes-tournefeuille.fr\/?p=1069","title":{"rendered":"Atelier du 5 Nov 2019 (Sardanes)"},"content":{"rendered":"\n<p>Ce soir donc, 2\u00e8me cours de sardanes de l\u2019ann\u00e9e. L\u2019assistance est presque aussi nombreuses qu\u2019au 1er cours : presque 20 personnes. Pas mal pour un club en passe de mourrir l\u2019an dernier!<\/p>\n<p>Au bout de la 3\u00e8me ou 4\u00e8me danse, je suis soudain frapp\u00e9 par le s\u00e9rieux de tous les danseurs autour de moi. Est-ce que le catalan est par nature taciturne ? Peut \u00eatre que les \u00e9v\u00e9nements qui se d\u00e9roulent de l\u2019autre cot\u00e9 de la fronti\u00e8re les inqui\u00e8tent.<\/p>\n<p>Au bout d\u2019un moment c\u2019est dans ma propre exp\u00e9rience que je trouve la r\u00e9ponse \u00e0 ma question: nul besoin d\u2019aller chercher dans des consid\u00e9rations politiques pour comprendre pourquoi tout le monde a ce visage un peu ferm\u00e9. En fait un tiers des danseurs compte et donc reste extr\u00eamement concentr\u00e9 pour ne pas manquer le moindre pas, ce qui mettrait en grand danger la fin de la danse et ce grand moment ou apr\u00e8s un magnifique pas vers la gauche tous les bras se tendent pour former une \u00e9toile digne de briller au firmament.<\/p>\n<p>Et les deux autres tiers me direz vous ? et bien d\u2019apr\u00e8s mon exp\u00e9rience personnelle ils serrent les dents car depuis le d\u00e9but de la deuxi\u00e8me tirade de pas longs ils souffrent les horreurs \u00e0 garder les bras en l\u2019air et c\u2019est la perspective de passer pour une mauviette qui les retient d\u2019abandonner.<\/p>\n<p>Amusant de r\u00e9aliser qu\u2019il existe une danse dont la plus grande difficult\u00e9 concerne un partie du corps qui ne bouge pas !<\/p>\n<p>Vous l\u2019aurez compris, je plaisante en racontant tous cela, car bien que les danseurs soient souvent beaucoup plus concentr\u00e9s que pour d\u2019autre danses, ils n\u2019ont pas cet air renfrogn\u00e9 que je d\u00e9crivais \u00e0 l&rsquo;instant.<\/p>\n<p>Toutefois pour un d\u00e9butant comme moi qui a oubli\u00e9 de faire de la musculation dans sa jeunesse (et dans sa vieillesse aussi) le mal au bras et aux \u00e9paules est un vrai handicap. Un cours d\u00e9taill\u00e9 de maintien ne serait pas de trop.<\/p>\n<p>Venons-en maintenant \u00e0 la vrai raison de cet article : le compte. Je voulais partager avec vous mes cogitations sur le compte des pas de sardane. Pour nombre d\u2019entre vous, cela n\u2019a aucun secret mais m\u00eame si certains on partag\u00e9 avec moi leur savoir, \u00e7a restait dans mon esprit un peu comme une recette plus qu\u2019une explication. Je me suis donc lanc\u00e9 dans la vaste entreprise<span class=\"Apple-converted-space\">\u00a0 <\/span>de comprendre pourquoi on arrivait \u00e0 tel ou tel r\u00e9sultat. Je n\u2019ai pas la pr\u00e9tention de tout connaitre sur le sujet, en particulier j\u2019ignore tout de la mani\u00e8re dont on compte lorsque qu\u2019il y a ne nombreuses tirades; mon propos concerne ce que nous avons vu en atelier, c\u2019est \u00e0 dire le cas o\u00f9 on a 2 tirades de courts et 2 tirades de longs.<\/p>\n<p>Je vous livre tout de go le r\u00e9sultat de mes cogitations:<\/p>\n<p>R\u00e8gles faciles \u00e0 se rappeler pour le compte des pas longs (compte impair) :<\/p>\n<ul>\n<li>La<span class=\"Apple-converted-space\">\u00a0 <\/span>1\u00e8re tirade de courts et de longs d\u00e9marre toujours du pied gauche,<\/li>\n<li>2\u00e8me tirade de longs : on rajoute 2 courts compar\u00e9 \u00e0 la fin de la 1\u00e8re tirade,<\/li>\n<li>soit le compte est de la forme multiple de 4 + 3 (83 ou 87 par exemple) : pas besoin de Court pour finir donc :\n<ul>\n<li>1\u00e8re tirade : Long + Trois; la 2\u00e8me tirade se finira donc par 2 Courts + Trois<\/li>\n<\/ul>\n<\/li>\n<li>soit il est de la forme multiple de 4 +1 (81 ou 85 par exemple) : on remplace les 5 derniers temps par un Court et un Troit<span class=\"Apple-converted-space\">\u00a0<\/span>\n<ul>\n<li>1\u00e8re tirade : Court + Trois donc la 2\u00e8me tirade se finira donc par 3 Courts + Trois<\/li>\n<\/ul>\n<\/li>\n<\/ul>\n<p>Si le compte est pair c\u2019est facile : si le compte est multiple de 4 on fini par un Long, sinon par un Court.<\/p>\n<p>Pour la seconde tirade c\u2019est pareil donc elle finit comme la 1\u00e8re.<\/p>\n<p>On peut facilement verifier que quelque soit le compte (multiple de 8 ou de 4 ou de 2), on fini bien la seconde tirade \u00e0 gauche.<\/p>\n<p>Pour les curieux qui veulent aller un peu plus loin voici la d\u00e9monstration compl\u00e8te :<\/p>\n\n\n\n<figure class=\"wp-block-image is-resized\"><img loading=\"lazy\" decoding=\"async\" width=\"724\" height=\"1024\" src=\"https:\/\/danses-occitanes-tournefeuille.fr\/wp-content\/uploads\/2019\/11\/R\u00e9partition-des-sardanesA-724x1024.jpg\" alt=\"\" class=\"wp-image-1073\" style=\"width:747px;height:1056px\" srcset=\"https:\/\/danses-occitanes-tournefeuille.fr\/wp-content\/uploads\/2019\/11\/R\u00e9partition-des-sardanesA-724x1024.jpg 724w, https:\/\/danses-occitanes-tournefeuille.fr\/wp-content\/uploads\/2019\/11\/R\u00e9partition-des-sardanesA-212x300.jpg 212w, https:\/\/danses-occitanes-tournefeuille.fr\/wp-content\/uploads\/2019\/11\/R\u00e9partition-des-sardanesA-768x1086.jpg 768w, https:\/\/danses-occitanes-tournefeuille.fr\/wp-content\/uploads\/2019\/11\/R\u00e9partition-des-sardanesA-1200x1697.jpg 1200w\" sizes=\"auto, (max-width: 709px) 85vw, (max-width: 909px) 67vw, (max-width: 984px) 61vw, (max-width: 1362px) 45vw, 600px\" \/><\/figure>\n\n\n\n<figure class=\"wp-block-image is-resized\"><img loading=\"lazy\" decoding=\"async\" width=\"724\" height=\"1024\" src=\"https:\/\/danses-occitanes-tournefeuille.fr\/wp-content\/uploads\/2019\/11\/R\u00e9partition-des-sardanes-724x1024.jpg\" alt=\"\" class=\"wp-image-1072\" style=\"width:767px;height:1084px\" srcset=\"https:\/\/danses-occitanes-tournefeuille.fr\/wp-content\/uploads\/2019\/11\/R\u00e9partition-des-sardanes-724x1024.jpg 724w, https:\/\/danses-occitanes-tournefeuille.fr\/wp-content\/uploads\/2019\/11\/R\u00e9partition-des-sardanes-212x300.jpg 212w, https:\/\/danses-occitanes-tournefeuille.fr\/wp-content\/uploads\/2019\/11\/R\u00e9partition-des-sardanes-768x1086.jpg 768w, https:\/\/danses-occitanes-tournefeuille.fr\/wp-content\/uploads\/2019\/11\/R\u00e9partition-des-sardanes-1200x1697.jpg 1200w\" sizes=\"auto, (max-width: 709px) 85vw, (max-width: 909px) 67vw, (max-width: 984px) 61vw, (max-width: 1362px) 45vw, 600px\" \/><\/figure>\n","protected":false},"excerpt":{"rendered":"<p>Ce soir donc, 2\u00e8me cours de sardanes de l\u2019ann\u00e9e. L\u2019assistance est presque aussi nombreuses qu\u2019au 1er cours : presque 20 personnes. Pas mal pour un club en passe de mourrir l\u2019an dernier! Au bout de la 3\u00e8me ou 4\u00e8me danse, je suis soudain frapp\u00e9 par le s\u00e9rieux de tous les danseurs autour de moi. Est-ce &hellip; <a href=\"https:\/\/danses-occitanes-tournefeuille.fr\/?p=1069\" class=\"more-link\">Continuer la lecture<span class=\"screen-reader-text\"> de &laquo;&nbsp;Atelier du 5 Nov 2019 (Sardanes)&nbsp;&raquo;<\/span><\/a><\/p>\n","protected":false},"author":1,"featured_media":0,"comment_status":"open","ping_status":"open","sticky":false,"template":"","format":"standard","meta":{"footnotes":""},"categories":[1],"tags":[],"class_list":["post-1069","post","type-post","status-publish","format-standard","hentry","category-non-classe"],"_links":{"self":[{"href":"https:\/\/danses-occitanes-tournefeuille.fr\/index.php?rest_route=\/wp\/v2\/posts\/1069","targetHints":{"allow":["GET"]}}],"collection":[{"href":"https:\/\/danses-occitanes-tournefeuille.fr\/index.php?rest_route=\/wp\/v2\/posts"}],"about":[{"href":"https:\/\/danses-occitanes-tournefeuille.fr\/index.php?rest_route=\/wp\/v2\/types\/post"}],"author":[{"embeddable":true,"href":"https:\/\/danses-occitanes-tournefeuille.fr\/index.php?rest_route=\/wp\/v2\/users\/1"}],"replies":[{"embeddable":true,"href":"https:\/\/danses-occitanes-tournefeuille.fr\/index.php?rest_route=%2Fwp%2Fv2%2Fcomments&post=1069"}],"version-history":[{"count":5,"href":"https:\/\/danses-occitanes-tournefeuille.fr\/index.php?rest_route=\/wp\/v2\/posts\/1069\/revisions"}],"predecessor-version":[{"id":1862,"href":"https:\/\/danses-occitanes-tournefeuille.fr\/index.php?rest_route=\/wp\/v2\/posts\/1069\/revisions\/1862"}],"wp:attachment":[{"href":"https:\/\/danses-occitanes-tournefeuille.fr\/index.php?rest_route=%2Fwp%2Fv2%2Fmedia&parent=1069"}],"wp:term":[{"taxonomy":"category","embeddable":true,"href":"https:\/\/danses-occitanes-tournefeuille.fr\/index.php?rest_route=%2Fwp%2Fv2%2Fcategories&post=1069"},{"taxonomy":"post_tag","embeddable":true,"href":"https:\/\/danses-occitanes-tournefeuille.fr\/index.php?rest_route=%2Fwp%2Fv2%2Ftags&post=1069"}],"curies":[{"name":"wp","href":"https:\/\/api.w.org\/{rel}","templated":true}]}}